{"id":82812,"date":"2024-12-20T17:08:00","date_gmt":"2024-12-20T17:08:00","guid":{"rendered":"https:\/\/www.uss.cl\/noticias\/gobierno-de-santiago-y-uss-realizan-diagnostico-de-las-52-comunas-de-la-region-metropolitana-en-materia-de-juventud\/"},"modified":"2025-07-04T10:18:14","modified_gmt":"2025-07-04T10:18:14","slug":"gobierno-de-santiago-y-uss-realizan-diagnostico-de-las-52-comunas-de-la-region-metropolitana-en-materia-de-juventud","status":"publish","type":"news","link":"https:\/\/www.uss.cl\/en\/noticias\/gobierno-de-santiago-y-uss-realizan-diagnostico-de-las-52-comunas-de-la-region-metropolitana-en-materia-de-juventud\/","title":{"rendered":"Gobierno de Santiago y USS realizan diagn\u00f3stico de las 52 comunas de la Regi\u00f3n Metropolitana en materia de juventud"},"content":{"rendered":"<h3><strong>A trav\u00e9s de un proyecto impulsado por el Gobierno Regional Metropolitano de Santiago, &#8220;Red Ciudad Joven&#8221; busca capacitar a unidades municipales a cargo de las juventudes con el objetivo de reducir brechas y generar oportunidades de desenvolvimiento social y laboral. Adem\u00e1s, el libro servir\u00e1 de insumo para elaborar la pol\u00edtica nacional de juventud.<\/strong><\/h3>\n<p><img decoding=\"async\" class=\"aligncenter size-full wp-image-82751\" src=\"https:\/\/cdn.uss.cl\/content\/uploads\/2024\/12\/20164601\/DSC3964_DSC3964-1-1.jpg\" alt=\"\" width=\"1540\" height=\"932\" srcset=\"https:\/\/cdn.uss.cl\/content\/uploads\/2024\/12\/20164601\/DSC3964_DSC3964-1-1.jpg 1540w, https:\/\/cdn.uss.cl\/content\/uploads\/2024\/12\/20164601\/DSC3964_DSC3964-1-1-300x182.jpg 300w, https:\/\/cdn.uss.cl\/content\/uploads\/2024\/12\/20164601\/DSC3964_DSC3964-1-1-1024x620.jpg 1024w, https:\/\/cdn.uss.cl\/content\/uploads\/2024\/12\/20164601\/DSC3964_DSC3964-1-1-768x465.jpg 768w, https:\/\/cdn.uss.cl\/content\/uploads\/2024\/12\/20164601\/DSC3964_DSC3964-1-1-1536x930.jpg 1536w\" sizes=\"(max-width: 1540px) 100vw, 1540px\" \/><\/p>\n<p>Con el objetivo de abordar las problem\u00e1ticas de los j\u00f3venes relacionadas al desempleo, salud mental y desarrollo personal, fortaleciendo las capacidades de los municipios para atender estas necesidades, el <a href=\"https:\/\/www.gobiernosantiago.cl\/\">Gobierno de Santiago<\/a> junto a la Universidad San Sebasti\u00e1n (USS) present\u00f3 un completo diagn\u00f3stico de las 52 comunas de la Regi\u00f3n Metropolitana (RM), detectando la infraestructura y oferta de servicios de los municipios.<\/p>\n<p>El resultado es un libro que consolida tres aspectos: Informe de brechas y oportunidades; autodiagn\u00f3stico de competencias y requerimientos y un compendio de experiencias nacionales e internacionales en tem\u00e1ticas de juventudes.<\/p>\n<p>Entre los principales resultados que dej\u00f3 la revisi\u00f3n de datos comunales, se encuentra una <strong>ausencia de mediciones sobre la situaci\u00f3n de los j\u00f3venes<\/strong>, existiendo solo algunas fuentes de informaci\u00f3n y una falta de actualizaci\u00f3n peri\u00f3dica de datos.<\/p>\n<p>En relaci\u00f3n con las oficinas de juventud comunales, el 80% cuenta con dos personas en promedio, sin embargo, el <strong>50% de los encargados consideran que necesitan m\u00e1s capacitaci\u00f3n<\/strong>. Las principales \u00e1reas para capacitarse deben estar relacionadas con salud mental, compras p\u00fablicas, alianzas p\u00fablico-privadas, ley de donaciones, herramientas de gesti\u00f3n en general y liderazgo entre otras.<\/p>\n<h3><strong>Diagn\u00f3stico para el progreso de Santiago<\/strong><\/h3>\n<p>Para obtener la informaci\u00f3n desde los municipios, se realiz\u00f3 de manera in\u00e9dita, una encuesta a cada uno de los 52 encargados de las oficinas comunales de la RM, elaborada por estudiantes de Ingenier\u00eda Comercial, Administraci\u00f3n P\u00fablica e Ingenier\u00eda Civil.<\/p>\n<p>&#8221;El objetivo del proyecto es precisamente identificar c\u00f3mo la universidad puede colaborar tanto en la capacitaci\u00f3n de los encargados municipales como en la generaci\u00f3n de ideas sobre los temas prioritarios a abordar&#8221;, destac\u00f3 Hugo Lavados, rector de la Universidad San Sebasti\u00e1n. Identificando como uno de los principales objetivos el fortalecer las capacidades de los municipios para que &#8221;puedan gestionar de manera sostenible los desaf\u00edos que enfrenta la juventud, impulsando pol\u00edticas p\u00fablicas inclusivas y efectivas. El desaf\u00edo es grande, pero estamos motivados. Agradezco que todos estemos reunidos hoy aqu\u00ed para dar el puntapi\u00e9 inicial a este proyecto&#8221;, complement\u00f3.<\/p>\n<p>En la misma l\u00ednea, el Gobernador Claudio Orrego, expres\u00f3 que &#8220;este diagn\u00f3stico es un paso relevante para entender las brechas y oportunidades que enfrentan las juventudes en la Regi\u00f3n Metropolitana. Los resultados que hemos obtenido no solo nos permiten identificar las comunas que m\u00e1s necesitan apoyo, sino que tambi\u00e9n entregan las herramientas para dise\u00f1ar pol\u00edticas p\u00fablicas basadas en evidencia, que impacten directamente en la empleabilidad, la salud mental y el desarrollo integral de nuestros j\u00f3venes. Nuestro compromiso es claro: transformar este conocimiento en acciones concretas que garanticen igualdad de oportunidades y un futuro digno para todos los j\u00f3venes de nuestra regi\u00f3n.&#8221;<\/p>\n<p>El decano de la Facultad de Econom\u00eda y Gobierno (FEG) de la USS, Alejandro Weber, asegur\u00f3 con respecto a esta iniciativa que \u201cen la FEG queremos llevar el aprendizaje m\u00e1s all\u00e1 de las aulas, y el trabajo que convoc\u00f3 a docentes y estudiantes de las carreras de Ingenier\u00eda Comercial y Administraci\u00f3n P\u00fablica no solo refleja la formaci\u00f3n de profesionales integrales y comprometidos con el servicio p\u00fablico; tambi\u00e9n aporta concretamente al progreso de las comunidades y al mejoramiento de su calidad de vida&#8221;.<\/p>\n<h3><strong>Categorizaci\u00f3n de comunas en tem\u00e1ticas de juventud <\/strong><\/h3>\n<p>Se realiz\u00f3 una caracterizaci\u00f3n de las 52 comunas de la RM en base a dos \u00edndices que permitieron conocer la realidad comunal y municipal, y adem\u00e1s abordar los desaf\u00edos del proyecto: el <strong>\u00cdndice de Priorizaci\u00f3n Juvenil (IPJ)<\/strong> y el <strong>\u00cdndice de Institucionalidad Municipal Juvenil (IIMJ)<\/strong>. Mientras que el primero incluye componentes socioecon\u00f3micos, de educaci\u00f3n, de salud y prioriza a aquellas comunas con mayor poblaci\u00f3n juvenil; el IIMJ mide cu\u00e1n institucionalizado o fuerte es el municipio respecto de sus \u00e1reas para j\u00f3venes.<\/p>\n<p>Los resultados del cruce de estos dos \u00edndices, permitieron categorizar las comunas en &#8220;comunas institucionalizadas&#8221;, comunas con baja vulnerabilidad juvenil y alta institucionalidad municipal; &#8220;comunas desafiantes&#8221;, con alta vulnerabilidad juvenil y alta institucionalidad municipal; &#8220;comunas estables&#8221;, que tienen baja vulnerabilidad juvenil y baja institucionalidad municipal, y &#8220;comunas prioritarias&#8221;, con alta vulnerabilidad juvenil y baja institucionalidad municipal.<\/p>\n<p>De esta forma, dentro de las<strong> comunas prioritarias, se identificaron 15 municipios<\/strong>, lo que corresponde al 29% del total de las comunas de la Regi\u00f3n Metropolitana y a un total de 476 mil j\u00f3venes. Dentro de la lista se encuentran <strong>Pe\u00f1alol\u00e9n <\/strong>(con 3.570 j\u00f3venes), <strong>La Florida <\/strong>(79.689),<strong> Lo Prado <\/strong>(56.891),<strong> Curacav\u00ed <\/strong>(7.287) <strong>y San Ram\u00f3n<\/strong> (17.645), entre otras.<\/p>\n<p>En tanto, en <strong>comunas desafiantes, se encontraron un total de 24 comunas<\/strong>, lo que corresponde al 46% del total de los municipios de la RM, y a un total de 940 mil j\u00f3venes, encontr\u00e1ndose en esta categor\u00eda <strong>Pudahuel<\/strong> (61.589 j\u00f3venes), <strong>Recoleta <\/strong>(124.299), <strong>Pe\u00f1aflor <\/strong>(28.863), <strong>Cerro Navia<\/strong> (19.812) y <strong>Melipilla<\/strong> (16.678).<\/p>\n<p>Las <strong>comunas estables; es decir, aquellos municipios que no tienen mayor capacidad municipal reconocida para j\u00f3venes, y donde la poblaci\u00f3n juvenil no arroja ser prioritaria en cifras, <\/strong>se encontraron<strong> 7 comunas<\/strong> pertenecientes al 13% del total y con un total de 175 mil j\u00f3venes. En esta lista est\u00e1n <strong>Tiltil <\/strong>(con 16.005 j\u00f3venes), <strong>Vitacura <\/strong>(29.858), <strong>Providencia<\/strong> (18.400), <strong>Las Condes <\/strong>(37.995), <strong>Alhue<\/strong> (1.497) y <strong>La Reina<\/strong> (4.534).<\/p>\n<p>Finalmente, en <strong>comunas institucionalizadas<\/strong>; es decir, comunas<strong> que cuentan con una alta estructura municipal para j\u00f3venes, sin embargo, su priorizaci\u00f3n est\u00e1 por debajo del resto, se encuentran 6 comunas<\/strong> pertenecientes al 12% del total de las comunas, y un total de 160 mil j\u00f3venes: <strong>Huechuraba<\/strong> (45.995), <strong>San Miguel<\/strong> (27.810), <strong>Calera de Tango<\/strong> (27.881), <strong>Lo Barnechea<\/strong> (26.654), <strong>Macul<\/strong> (22.550) y <strong>\u00d1u\u00f1oa <\/strong>(6.245), completan la lista.<\/p>\n<h3><strong>Talleres para encargados de juventudes<\/strong><\/h3>\n<p>El decano de la Facultad de Ingenier\u00eda, Arquitectura y Dise\u00f1o de la USS, Drago Vodanovic, resalt\u00f3 que proyectos como Red Ciudad Joven \u201cson clave para fortalecer las capacidades municipales y generar oportunidades reales para la juventud en la Regi\u00f3n Metropolitana\u201d.<\/p>\n<p>Esto porque adem\u00e1s del diagn\u00f3stico, el proyecto contempla talleres de capacitaci\u00f3n para tres funcionarios de cada una de las 52 municipalidades de la RM y un Diplomado en Liderazgo para la Gesti\u00f3n Sostenible de la Juventud, que durante el 2025 se enfocar\u00e1 en tres \u00e1reas clave: la gesti\u00f3n municipal y pol\u00edticas p\u00fablicas juveniles, temas clave como empleabilidad, salud mental y diversidad, y la gesti\u00f3n de proyectos municipales para intervenir eficazmente en la juventud.<\/p>\n<p>\u201cAl finalizar el a\u00f1o, esperamos poder capacitar a al menos 156 funcionarios municipales, fortaleciendo su capacidad para abordar los desaf\u00edos de la juventud de manera sostenible\u201d, finaliz\u00f3 Vodanovic.<\/p>\n<p>&nbsp;<\/p>\n","protected":false},"excerpt":{"rendered":"<p>A trav\u00e9s de un proyecto impulsado por el Gobierno Regional Metropolitano de Santiago, &#8220;Red Ciudad Joven&#8221; busca capacitar a unidades municipales a cargo de las juventudes con el objetivo de reducir brechas y generar oportunidades de desenvolvimiento social y laboral. Adem\u00e1s, el libro servir\u00e1 de insumo para elaborar la pol\u00edtica nacional de juventud. Con el [&hellip;]<\/p>\n","protected":false},"author":45,"parent":0,"menu_order":0,"template":"","headquarters":[211,13],"faculty":[23,30],"other_categories":[111],"class_list":["post-82812","news","type-news","status-publish","hentry","headquarters-nacional","headquarters-santiago","faculty-economia-negocios-gobierno","faculty-ingenieria","other_categories-vinculacion-con-el-medio"],"acf":[],"yoast_head":"<!-- This site is optimized with the Yoast SEO plugin v27.2 - https:\/\/yoast.com\/product\/yoast-seo-wordpress\/ -->\n<title>Gore y USS realizan diagn\u00f3stico de las 52 comunas de Santiago<\/title>\n<meta name=\"description\" content=\"&quot;Red Ciudad Joven&quot; busca capacitar a unidades municipales a cargo de las juventudes para reducir brechas en el \u00e1mbito social y laboral.\" \/>\n<meta name=\"robots\" content=\"index, follow, max-snippet:-1, max-image-preview:large, max-video-preview:-1\" \/>\n<link rel=\"canonical\" href=\"https:\/\/www.uss.cl\/en\/noticias\/gobierno-de-santiago-y-uss-realizan-diagnostico-de-las-52-comunas-de-la-region-metropolitana-en-materia-de-juventud\/\" \/>\n<meta property=\"og:locale\" content=\"en_US\" \/>\n<meta property=\"og:type\" content=\"article\" \/>\n<meta property=\"og:title\" content=\"Gore y USS realizan diagn\u00f3stico de las 52 comunas de Santiago\" \/>\n<meta property=\"og:description\" content=\"&quot;Red Ciudad Joven&quot; busca capacitar a unidades municipales a cargo de las juventudes para reducir brechas en el \u00e1mbito social y laboral.\" \/>\n<meta property=\"og:url\" content=\"https:\/\/www.uss.cl\/en\/noticias\/gobierno-de-santiago-y-uss-realizan-diagnostico-de-las-52-comunas-de-la-region-metropolitana-en-materia-de-juventud\/\" \/>\n<meta property=\"og:site_name\" content=\"USS\" \/>\n<meta property=\"article:modified_time\" content=\"2025-07-04T10:18:14+00:00\" \/>\n<meta property=\"og:image\" content=\"https:\/\/www.uss.cl\/content\/uploads\/2024\/12\/DSC3964_DSC3964-1-1.jpg\" \/>\n<meta name=\"twitter:card\" content=\"summary_large_image\" \/>\n<meta name=\"twitter:label1\" content=\"Est. reading time\" \/>\n\t<meta name=\"twitter:data1\" content=\"6 minutes\" \/>\n<script type=\"application\/ld+json\" class=\"yoast-schema-graph\">{\"@context\":\"https:\/\/schema.org\",\"@graph\":[{\"@type\":\"WebPage\",\"@id\":\"https:\/\/www.uss.cl\/en\/noticias\/gobierno-de-santiago-y-uss-realizan-diagnostico-de-las-52-comunas-de-la-region-metropolitana-en-materia-de-juventud\/\",\"url\":\"https:\/\/www.uss.cl\/en\/noticias\/gobierno-de-santiago-y-uss-realizan-diagnostico-de-las-52-comunas-de-la-region-metropolitana-en-materia-de-juventud\/\",\"name\":\"Gore y USS realizan diagn\u00f3stico de las 52 comunas de Santiago\",\"isPartOf\":{\"@id\":\"https:\/\/www.uss.cl\/#website\"},\"primaryImageOfPage\":{\"@id\":\"https:\/\/www.uss.cl\/en\/noticias\/gobierno-de-santiago-y-uss-realizan-diagnostico-de-las-52-comunas-de-la-region-metropolitana-en-materia-de-juventud\/#primaryimage\"},\"image\":{\"@id\":\"https:\/\/www.uss.cl\/en\/noticias\/gobierno-de-santiago-y-uss-realizan-diagnostico-de-las-52-comunas-de-la-region-metropolitana-en-materia-de-juventud\/#primaryimage\"},\"thumbnailUrl\":\"https:\/\/www.uss.cl\/content\/uploads\/2024\/12\/DSC3964_DSC3964-1-1.jpg\",\"datePublished\":\"2024-12-20T17:08:00+00:00\",\"dateModified\":\"2025-07-04T10:18:14+00:00\",\"description\":\"\\\"Red Ciudad Joven\\\" busca capacitar a unidades municipales a cargo de las juventudes para reducir brechas en el \u00e1mbito social y laboral.\",\"inLanguage\":\"en-US\",\"potentialAction\":[{\"@type\":\"ReadAction\",\"target\":[\"https:\/\/www.uss.cl\/en\/noticias\/gobierno-de-santiago-y-uss-realizan-diagnostico-de-las-52-comunas-de-la-region-metropolitana-en-materia-de-juventud\/\"]}]},{\"@type\":\"ImageObject\",\"inLanguage\":\"en-US\",\"@id\":\"https:\/\/www.uss.cl\/en\/noticias\/gobierno-de-santiago-y-uss-realizan-diagnostico-de-las-52-comunas-de-la-region-metropolitana-en-materia-de-juventud\/#primaryimage\",\"url\":\"https:\/\/www.uss.cl\/content\/uploads\/2024\/12\/DSC3964_DSC3964-1-1.jpg\",\"contentUrl\":\"https:\/\/www.uss.cl\/content\/uploads\/2024\/12\/DSC3964_DSC3964-1-1.jpg\"},{\"@type\":\"WebSite\",\"@id\":\"https:\/\/www.uss.cl\/#website\",\"url\":\"https:\/\/www.uss.cl\/\",\"name\":\"Portal Universidad San Sebasti\u00e1n\",\"description\":\"Universidad San Sebasti\u00e1n\",\"publisher\":{\"@id\":\"https:\/\/www.uss.cl\/#organization\"},\"alternateName\":\"Portal USS\",\"potentialAction\":[{\"@type\":\"SearchAction\",\"target\":{\"@type\":\"EntryPoint\",\"urlTemplate\":\"https:\/\/www.uss.cl\/?s={search_term_string}\"},\"query-input\":{\"@type\":\"PropertyValueSpecification\",\"valueRequired\":true,\"valueName\":\"search_term_string\"}}],\"inLanguage\":\"en-US\"},{\"@type\":\"Organization\",\"@id\":\"https:\/\/www.uss.cl\/#organization\",\"name\":\"Universidad San Sebasti\u00e1n\",\"alternateName\":\"USS\",\"url\":\"https:\/\/www.uss.cl\/\",\"logo\":{\"@type\":\"ImageObject\",\"inLanguage\":\"en-US\",\"@id\":\"https:\/\/www.uss.cl\/#\/schema\/logo\/image\/\",\"url\":\"https:\/\/cdn.uss.cl\/content\/uploads\/2022\/12\/14190951\/favicon-uss.png\",\"contentUrl\":\"https:\/\/cdn.uss.cl\/content\/uploads\/2022\/12\/14190951\/favicon-uss.png\",\"width\":216,\"height\":213,\"caption\":\"Universidad San Sebasti\u00e1n\"},\"image\":{\"@id\":\"https:\/\/www.uss.cl\/#\/schema\/logo\/image\/\"}}]}<\/script>\n<!-- \/ Yoast SEO plugin. -->","yoast_head_json":{"title":"Gore y USS realizan diagn\u00f3stico de las 52 comunas de Santiago","description":"\"Red Ciudad Joven\" busca capacitar a unidades municipales a cargo de las juventudes para reducir brechas en el \u00e1mbito social y laboral.","robots":{"index":"index","follow":"follow","max-snippet":"max-snippet:-1","max-image-preview":"max-image-preview:large","max-video-preview":"max-video-preview:-1"},"canonical":"https:\/\/www.uss.cl\/en\/noticias\/gobierno-de-santiago-y-uss-realizan-diagnostico-de-las-52-comunas-de-la-region-metropolitana-en-materia-de-juventud\/","og_locale":"en_US","og_type":"article","og_title":"Gore y USS realizan diagn\u00f3stico de las 52 comunas de Santiago","og_description":"\"Red Ciudad Joven\" busca capacitar a unidades municipales a cargo de las juventudes para reducir brechas en el \u00e1mbito social y laboral.","og_url":"https:\/\/www.uss.cl\/en\/noticias\/gobierno-de-santiago-y-uss-realizan-diagnostico-de-las-52-comunas-de-la-region-metropolitana-en-materia-de-juventud\/","og_site_name":"USS","article_modified_time":"2025-07-04T10:18:14+00:00","og_image":[{"url":"https:\/\/www.uss.cl\/content\/uploads\/2024\/12\/DSC3964_DSC3964-1-1.jpg","type":"","width":"","height":""}],"twitter_card":"summary_large_image","twitter_misc":{"Est. reading time":"6 minutes"},"schema":{"@context":"https:\/\/schema.org","@graph":[{"@type":"WebPage","@id":"https:\/\/www.uss.cl\/en\/noticias\/gobierno-de-santiago-y-uss-realizan-diagnostico-de-las-52-comunas-de-la-region-metropolitana-en-materia-de-juventud\/","url":"https:\/\/www.uss.cl\/en\/noticias\/gobierno-de-santiago-y-uss-realizan-diagnostico-de-las-52-comunas-de-la-region-metropolitana-en-materia-de-juventud\/","name":"Gore y USS realizan diagn\u00f3stico de las 52 comunas de Santiago","isPartOf":{"@id":"https:\/\/www.uss.cl\/#website"},"primaryImageOfPage":{"@id":"https:\/\/www.uss.cl\/en\/noticias\/gobierno-de-santiago-y-uss-realizan-diagnostico-de-las-52-comunas-de-la-region-metropolitana-en-materia-de-juventud\/#primaryimage"},"image":{"@id":"https:\/\/www.uss.cl\/en\/noticias\/gobierno-de-santiago-y-uss-realizan-diagnostico-de-las-52-comunas-de-la-region-metropolitana-en-materia-de-juventud\/#primaryimage"},"thumbnailUrl":"https:\/\/www.uss.cl\/content\/uploads\/2024\/12\/DSC3964_DSC3964-1-1.jpg","datePublished":"2024-12-20T17:08:00+00:00","dateModified":"2025-07-04T10:18:14+00:00","description":"\"Red Ciudad Joven\" busca capacitar a unidades municipales a cargo de las juventudes para reducir brechas en el \u00e1mbito social y laboral.","inLanguage":"en-US","potentialAction":[{"@type":"ReadAction","target":["https:\/\/www.uss.cl\/en\/noticias\/gobierno-de-santiago-y-uss-realizan-diagnostico-de-las-52-comunas-de-la-region-metropolitana-en-materia-de-juventud\/"]}]},{"@type":"ImageObject","inLanguage":"en-US","@id":"https:\/\/www.uss.cl\/en\/noticias\/gobierno-de-santiago-y-uss-realizan-diagnostico-de-las-52-comunas-de-la-region-metropolitana-en-materia-de-juventud\/#primaryimage","url":"https:\/\/www.uss.cl\/content\/uploads\/2024\/12\/DSC3964_DSC3964-1-1.jpg","contentUrl":"https:\/\/www.uss.cl\/content\/uploads\/2024\/12\/DSC3964_DSC3964-1-1.jpg"},{"@type":"WebSite","@id":"https:\/\/www.uss.cl\/#website","url":"https:\/\/www.uss.cl\/","name":"Portal Universidad San Sebasti\u00e1n","description":"Universidad San Sebasti\u00e1n","publisher":{"@id":"https:\/\/www.uss.cl\/#organization"},"alternateName":"Portal USS","potentialAction":[{"@type":"SearchAction","target":{"@type":"EntryPoint","urlTemplate":"https:\/\/www.uss.cl\/?s={search_term_string}"},"query-input":{"@type":"PropertyValueSpecification","valueRequired":true,"valueName":"search_term_string"}}],"inLanguage":"en-US"},{"@type":"Organization","@id":"https:\/\/www.uss.cl\/#organization","name":"Universidad San Sebasti\u00e1n","alternateName":"USS","url":"https:\/\/www.uss.cl\/","logo":{"@type":"ImageObject","inLanguage":"en-US","@id":"https:\/\/www.uss.cl\/#\/schema\/logo\/image\/","url":"https:\/\/cdn.uss.cl\/content\/uploads\/2022\/12\/14190951\/favicon-uss.png","contentUrl":"https:\/\/cdn.uss.cl\/content\/uploads\/2022\/12\/14190951\/favicon-uss.png","width":216,"height":213,"caption":"Universidad San Sebasti\u00e1n"},"image":{"@id":"https:\/\/www.uss.cl\/#\/schema\/logo\/image\/"}}]}},"_links":{"self":[{"href":"https:\/\/www.uss.cl\/en\/wp-json\/wp\/v2\/news\/82812","targetHints":{"allow":["GET"]}}],"collection":[{"href":"https:\/\/www.uss.cl\/en\/wp-json\/wp\/v2\/news"}],"about":[{"href":"https:\/\/www.uss.cl\/en\/wp-json\/wp\/v2\/types\/news"}],"author":[{"embeddable":true,"href":"https:\/\/www.uss.cl\/en\/wp-json\/wp\/v2\/users\/45"}],"version-history":[{"count":1,"href":"https:\/\/www.uss.cl\/en\/wp-json\/wp\/v2\/news\/82812\/revisions"}],"predecessor-version":[{"id":91338,"href":"https:\/\/www.uss.cl\/en\/wp-json\/wp\/v2\/news\/82812\/revisions\/91338"}],"wp:attachment":[{"href":"https:\/\/www.uss.cl\/en\/wp-json\/wp\/v2\/media?parent=82812"}],"wp:term":[{"taxonomy":"headquarters","embeddable":true,"href":"https:\/\/www.uss.cl\/en\/wp-json\/wp\/v2\/headquarters?post=82812"},{"taxonomy":"faculty","embeddable":true,"href":"https:\/\/www.uss.cl\/en\/wp-json\/wp\/v2\/faculty?post=82812"},{"taxonomy":"other_categories","embeddable":true,"href":"https:\/\/www.uss.cl\/en\/wp-json\/wp\/v2\/other_categories?post=82812"}],"curies":[{"name":"wp","href":"https:\/\/api.w.org\/{rel}","templated":true}]}}